{"id":9488,"date":"2015-08-07T16:43:23","date_gmt":"2015-08-07T16:43:23","guid":{"rendered":"https:\/\/huicholesfilm.com\/es\/?p=9488"},"modified":"2025-03-05T02:39:04","modified_gmt":"2025-03-05T08:39:04","slug":"huicholes-los-ultimos-guardianes-del-peyote-se-suma-al-dia-internacional-de-los-pueblos-indigenas","status":"publish","type":"post","link":"https:\/\/huicholesfilm.com\/es\/huicholes-los-ultimos-guardianes-del-peyote-se-suma-al-dia-internacional-de-los-pueblos-indigenas\/","title":{"rendered":"Huicholes: Los \u00daltimos Guardianes del Peyote  se suma al D\u00eda Internacional de los Pueblos Ind\u00edgenas"},"content":{"rendered":"<p>&nbsp;<\/p>\n<blockquote><p><strong>El 9 de agosto el documental de Hern\u00e1n Vilchez podr\u00e1 verse libremente en todo el mundo en el sitio \u00a0<a href=\"http:\/\/www.huicholesfilm.com\">www.huicholesfilm.com<\/a><\/strong><\/p>\n<p><strong>El documental cuenta con subt\u00edtulos en siete idiomas: Ingl\u00e9s, alem\u00e1n, franc\u00e9s, italiano, portugu\u00e9s, checo y espa\u00f1ol.<\/strong><\/p><\/blockquote>\n<p>Ciudad de M\u00e9xico \u2013 6 de agosto 2015 &#8212; Desde el estreno mundial (mayo del 2014) del documental independiente <strong><em>Huicholes: Los \u00daltimos Guardianes del Peyote<\/em><\/strong>, los productores Paola Stefani y Hern\u00e1n Vilchez apostaron a la exhibici\u00f3n en internet, con la finalidad de que \u00a0la lucha espiritual y pol\u00edtica del pueblo wix\u00e1rika (huichol) por proteger la vida en el planeta y en Wirikuta llegara al mayor n\u00famero de personas en el mundo, y que los recursos que permitiera cubrir los costos de producci\u00f3n, promoci\u00f3n y distribuci\u00f3n del filme.<\/p>\n<p>Desde mayo del 2014 el documental se ha rentado en Vimeo 1,756 veces en m\u00e1s de 55 pa\u00edses en el mundo. En los pa\u00edses que m\u00e1s ha sido visto en l\u00ednea son: M\u00e9xico, Estados Unidos, Canad\u00e1, Espa\u00f1a, Inglaterra, Alemania, Francia, Argentina y Australia.<\/p>\n<p>El documental es considerado un caso de \u00e9xito de exhibici\u00f3n independiente el cual ha recurrido a diversas maneras de presentaci\u00f3n y difusi\u00f3n en M\u00e9xico y en tres giras internacionales por Estados Unidos, Europa y Am\u00e9rica del Sur. M\u00e1s de 30,000 personas han visto la pel\u00edcula en el mundo.<\/p>\n<p><strong>Para el D\u00eda Internacional de los Pueblos Ind\u00edgenas, declarado por la Organizaci\u00f3n de las Naciones Unidas (ONU) en 1994, los productores dar\u00e1n acceso gratuito a <em>Huicholes: Los \u00daltimos Guardianes del Peyote<\/em> desde las 8:00 hrs del 9 de agosto a las 8:00 hrs del 10 de agosto del 2015 (tiempo de la ciudad de M\u00e9xico) con la finalidad que m\u00e1s personas puedan conocer sobre la defensa de Wirikuta.<\/strong><\/p>\n<p>El tema este a\u00f1o del D\u00eda Internacional de los Pueblos Ind\u00edgenas es convocar a garantizar la salud y el bienestar de los pueblos ind\u00edgenas. Este tema no es ajeno a la problem\u00e1tica en Wirikuta, ya que la miner\u00eda es considerada una industria contaminante, y por esto mismo, es urgente dar a conocer las afectaciones de la miner\u00eda al medio ambiente y a la salud de las personas.<\/p>\n<p>Huicholes: Los \u00daltimos Guardianes del Peyote lo pueden ver el 9 de agosto de manera gratuita en: <a href=\"http:\/\/www.huicholesfilm.com\">http:\/\/www.huicholesfilm.com<\/a><\/p>\n","protected":false},"excerpt":{"rendered":"<p>&nbsp; El 9 de agosto el documental de Hern\u00e1n Vilchez podr\u00e1 verse libremente en todo el mundo en el sitio \u00a0www.huicholesfilm.com El documental cuenta con subt\u00edtulos en siete idiomas: Ingl\u00e9s, alem\u00e1n, franc\u00e9s, italiano, portugu\u00e9s, checo y espa\u00f1ol. Ciudad de M\u00e9xico \u2013 6 de agosto 2015 &#8212; Desde el estreno mundial (mayo del 2014) del documental [&hellip;]<\/p>\n","protected":false},"author":2,"featured_media":9498,"comment_status":"closed","ping_status":"closed","sticky":false,"template":"","format":"standard","meta":{"footnotes":""},"categories":[36],"tags":[],"class_list":["post-9488","post","type-post","status-publish","format-standard","has-post-thumbnail","hentry","category-noticias"],"yoast_head":"<!-- This site is optimized with the Yoast SEO plugin v27.5 - https:\/\/yoast.com\/product\/yoast-seo-wordpress\/ -->\n<title>Huicholes: Los \u00daltimos Guardianes del Peyote se suma al D\u00eda Internacional de los Pueblos Ind\u00edgenas - Huicholes: Los \u00daltimos Guardianes del Peyote<\/title>\n<meta name=\"robots\" content=\"index, follow, max-snippet:-1, max-image-preview:large, max-video-preview:-1\" \/>\n<link rel=\"canonical\" href=\"https:\/\/huicholesfilm.com\/es\/huicholes-los-ultimos-guardianes-del-peyote-se-suma-al-dia-internacional-de-los-pueblos-indigenas\/\" \/>\n<meta property=\"og:locale\" content=\"es_ES\" \/>\n<meta property=\"og:type\" content=\"article\" \/>\n<meta property=\"og:title\" content=\"Huicholes: Los \u00daltimos Guardianes del Peyote se suma al D\u00eda Internacional de los Pueblos Ind\u00edgenas - Huicholes: Los \u00daltimos Guardianes del Peyote\" \/>\n<meta property=\"og:description\" content=\"&nbsp; El 9 de agosto el documental de Hern\u00e1n Vilchez podr\u00e1 verse libremente en todo el mundo en el sitio \u00a0www.huicholesfilm.com El documental cuenta con subt\u00edtulos en siete idiomas: Ingl\u00e9s, alem\u00e1n, franc\u00e9s, italiano, portugu\u00e9s, checo y espa\u00f1ol. Ciudad de M\u00e9xico \u2013 6 de agosto 2015 &#8212; Desde el estreno mundial (mayo del 2014) del documental [&hellip;]\" \/>\n<meta property=\"og:url\" content=\"https:\/\/huicholesfilm.com\/es\/huicholes-los-ultimos-guardianes-del-peyote-se-suma-al-dia-internacional-de-los-pueblos-indigenas\/\" \/>\n<meta property=\"og:site_name\" content=\"Huicholes: Los \u00daltimos Guardianes del Peyote\" \/>\n<meta property=\"article:publisher\" content=\"https:\/\/www.facebook.com\/HuicholesTheLastPeyoteGuardians\" \/>\n<meta property=\"article:published_time\" content=\"2015-08-07T16:43:23+00:00\" \/>\n<meta property=\"article:modified_time\" content=\"2025-03-05T08:39:04+00:00\" \/>\n<meta property=\"og:image\" content=\"https:\/\/huicholesfilm.com\/es\/wp-content\/uploads\/2015\/08\/flyer-dia-internacional-9-de-agosto.jpg\" \/>\n\t<meta property=\"og:image:width\" content=\"720\" \/>\n\t<meta property=\"og:image:height\" content=\"720\" \/>\n\t<meta property=\"og:image:type\" content=\"image\/jpeg\" \/>\n<meta name=\"author\" content=\"huicholesfilm\" \/>\n<meta name=\"twitter:card\" content=\"summary_large_image\" \/>\n<meta name=\"twitter:creator\" content=\"@peyoteguardians\" \/>\n<meta name=\"twitter:site\" content=\"@peyoteguardians\" \/>\n<meta name=\"twitter:label1\" content=\"Escrito por\" \/>\n\t<meta name=\"twitter:data1\" content=\"huicholesfilm\" \/>\n\t<meta name=\"twitter:label2\" content=\"Tiempo de lectura\" \/>\n\t<meta name=\"twitter:data2\" content=\"2 minutos\" \/>\n<script type=\"application\/ld+json\" class=\"yoast-schema-graph\">{\"@context\":\"https:\\\/\\\/schema.org\",\"@graph\":[{\"@type\":\"Article\",\"@id\":\"https:\\\/\\\/huicholesfilm.com\\\/es\\\/huicholes-los-ultimos-guardianes-del-peyote-se-suma-al-dia-internacional-de-los-pueblos-indigenas\\\/#article\",\"isPartOf\":{\"@id\":\"https:\\\/\\\/huicholesfilm.com\\\/es\\\/huicholes-los-ultimos-guardianes-del-peyote-se-suma-al-dia-internacional-de-los-pueblos-indigenas\\\/\"},\"author\":{\"name\":\"huicholesfilm\",\"@id\":\"https:\\\/\\\/huicholesfilm.com\\\/es\\\/#\\\/schema\\\/person\\\/2e7f04056e4dc5a22a2ba366c2eb7313\"},\"headline\":\"Huicholes: Los \u00daltimos Guardianes del Peyote se suma al D\u00eda Internacional de los Pueblos Ind\u00edgenas\",\"datePublished\":\"2015-08-07T16:43:23+00:00\",\"dateModified\":\"2025-03-05T08:39:04+00:00\",\"mainEntityOfPage\":{\"@id\":\"https:\\\/\\\/huicholesfilm.com\\\/es\\\/huicholes-los-ultimos-guardianes-del-peyote-se-suma-al-dia-internacional-de-los-pueblos-indigenas\\\/\"},\"wordCount\":417,\"image\":{\"@id\":\"https:\\\/\\\/huicholesfilm.com\\\/es\\\/huicholes-los-ultimos-guardianes-del-peyote-se-suma-al-dia-internacional-de-los-pueblos-indigenas\\\/#primaryimage\"},\"thumbnailUrl\":\"https:\\\/\\\/huicholesfilm.com\\\/es\\\/wp-content\\\/uploads\\\/2015\\\/08\\\/flyer-dia-internacional-9-de-agosto.jpg\",\"articleSection\":[\"NOTICIAS\"],\"inLanguage\":\"es\"},{\"@type\":\"WebPage\",\"@id\":\"https:\\\/\\\/huicholesfilm.com\\\/es\\\/huicholes-los-ultimos-guardianes-del-peyote-se-suma-al-dia-internacional-de-los-pueblos-indigenas\\\/\",\"url\":\"https:\\\/\\\/huicholesfilm.com\\\/es\\\/huicholes-los-ultimos-guardianes-del-peyote-se-suma-al-dia-internacional-de-los-pueblos-indigenas\\\/\",\"name\":\"Huicholes: Los \u00daltimos Guardianes del Peyote se suma al D\u00eda Internacional de los Pueblos Ind\u00edgenas - Huicholes: Los \u00daltimos Guardianes del Peyote\",\"isPartOf\":{\"@id\":\"https:\\\/\\\/huicholesfilm.com\\\/es\\\/#website\"},\"primaryImageOfPage\":{\"@id\":\"https:\\\/\\\/huicholesfilm.com\\\/es\\\/huicholes-los-ultimos-guardianes-del-peyote-se-suma-al-dia-internacional-de-los-pueblos-indigenas\\\/#primaryimage\"},\"image\":{\"@id\":\"https:\\\/\\\/huicholesfilm.com\\\/es\\\/huicholes-los-ultimos-guardianes-del-peyote-se-suma-al-dia-internacional-de-los-pueblos-indigenas\\\/#primaryimage\"},\"thumbnailUrl\":\"https:\\\/\\\/huicholesfilm.com\\\/es\\\/wp-content\\\/uploads\\\/2015\\\/08\\\/flyer-dia-internacional-9-de-agosto.jpg\",\"datePublished\":\"2015-08-07T16:43:23+00:00\",\"dateModified\":\"2025-03-05T08:39:04+00:00\",\"author\":{\"@id\":\"https:\\\/\\\/huicholesfilm.com\\\/es\\\/#\\\/schema\\\/person\\\/2e7f04056e4dc5a22a2ba366c2eb7313\"},\"breadcrumb\":{\"@id\":\"https:\\\/\\\/huicholesfilm.com\\\/es\\\/huicholes-los-ultimos-guardianes-del-peyote-se-suma-al-dia-internacional-de-los-pueblos-indigenas\\\/#breadcrumb\"},\"inLanguage\":\"es\",\"potentialAction\":[{\"@type\":\"ReadAction\",\"target\":[\"https:\\\/\\\/huicholesfilm.com\\\/es\\\/huicholes-los-ultimos-guardianes-del-peyote-se-suma-al-dia-internacional-de-los-pueblos-indigenas\\\/\"]}]},{\"@type\":\"ImageObject\",\"inLanguage\":\"es\",\"@id\":\"https:\\\/\\\/huicholesfilm.com\\\/es\\\/huicholes-los-ultimos-guardianes-del-peyote-se-suma-al-dia-internacional-de-los-pueblos-indigenas\\\/#primaryimage\",\"url\":\"https:\\\/\\\/huicholesfilm.com\\\/es\\\/wp-content\\\/uploads\\\/2015\\\/08\\\/flyer-dia-internacional-9-de-agosto.jpg\",\"contentUrl\":\"https:\\\/\\\/huicholesfilm.com\\\/es\\\/wp-content\\\/uploads\\\/2015\\\/08\\\/flyer-dia-internacional-9-de-agosto.jpg\",\"width\":720,\"height\":720},{\"@type\":\"BreadcrumbList\",\"@id\":\"https:\\\/\\\/huicholesfilm.com\\\/es\\\/huicholes-los-ultimos-guardianes-del-peyote-se-suma-al-dia-internacional-de-los-pueblos-indigenas\\\/#breadcrumb\",\"itemListElement\":[{\"@type\":\"ListItem\",\"position\":1,\"name\":\"Portada\",\"item\":\"https:\\\/\\\/huicholesfilm.com\\\/es\\\/\"},{\"@type\":\"ListItem\",\"position\":2,\"name\":\"Huicholes: Los \u00daltimos Guardianes del Peyote se suma al D\u00eda Internacional de los Pueblos Ind\u00edgenas\"}]},{\"@type\":\"WebSite\",\"@id\":\"https:\\\/\\\/huicholesfilm.com\\\/es\\\/#website\",\"url\":\"https:\\\/\\\/huicholesfilm.com\\\/es\\\/\",\"name\":\"Huicholes: Los \u00daltimos Guardianes del Peyote\",\"description\":\"La emblem\u00e1tica lucha del pueblo wix\u00e1rika ante el gobierno mexicano y trasnacionales mineras para salvar Wirikuta, la tierra sagrada del peyote.\",\"potentialAction\":[{\"@type\":\"SearchAction\",\"target\":{\"@type\":\"EntryPoint\",\"urlTemplate\":\"https:\\\/\\\/huicholesfilm.com\\\/es\\\/?s={search_term_string}\"},\"query-input\":{\"@type\":\"PropertyValueSpecification\",\"valueRequired\":true,\"valueName\":\"search_term_string\"}}],\"inLanguage\":\"es\"},{\"@type\":\"Person\",\"@id\":\"https:\\\/\\\/huicholesfilm.com\\\/es\\\/#\\\/schema\\\/person\\\/2e7f04056e4dc5a22a2ba366c2eb7313\",\"name\":\"huicholesfilm\",\"sameAs\":[\"https:\\\/\\\/huicholesfilm.com\\\/es\\\/\"],\"url\":\"https:\\\/\\\/huicholesfilm.com\\\/es\\\/author\\\/paola-stefani\\\/\"}]}<\/script>\n<!-- \/ Yoast SEO plugin. -->","yoast_head_json":{"title":"Huicholes: Los \u00daltimos Guardianes del Peyote se suma al D\u00eda Internacional de los Pueblos Ind\u00edgenas - Huicholes: Los \u00daltimos Guardianes del Peyote","robots":{"index":"index","follow":"follow","max-snippet":"max-snippet:-1","max-image-preview":"max-image-preview:large","max-video-preview":"max-video-preview:-1"},"canonical":"https:\/\/huicholesfilm.com\/es\/huicholes-los-ultimos-guardianes-del-peyote-se-suma-al-dia-internacional-de-los-pueblos-indigenas\/","og_locale":"es_ES","og_type":"article","og_title":"Huicholes: Los \u00daltimos Guardianes del Peyote se suma al D\u00eda Internacional de los Pueblos Ind\u00edgenas - Huicholes: Los \u00daltimos Guardianes del Peyote","og_description":"&nbsp; El 9 de agosto el documental de Hern\u00e1n Vilchez podr\u00e1 verse libremente en todo el mundo en el sitio \u00a0www.huicholesfilm.com El documental cuenta con subt\u00edtulos en siete idiomas: Ingl\u00e9s, alem\u00e1n, franc\u00e9s, italiano, portugu\u00e9s, checo y espa\u00f1ol. Ciudad de M\u00e9xico \u2013 6 de agosto 2015 &#8212; Desde el estreno mundial (mayo del 2014) del documental [&hellip;]","og_url":"https:\/\/huicholesfilm.com\/es\/huicholes-los-ultimos-guardianes-del-peyote-se-suma-al-dia-internacional-de-los-pueblos-indigenas\/","og_site_name":"Huicholes: Los \u00daltimos Guardianes del Peyote","article_publisher":"https:\/\/www.facebook.com\/HuicholesTheLastPeyoteGuardians","article_published_time":"2015-08-07T16:43:23+00:00","article_modified_time":"2025-03-05T08:39:04+00:00","og_image":[{"width":720,"height":720,"url":"https:\/\/huicholesfilm.com\/es\/wp-content\/uploads\/2015\/08\/flyer-dia-internacional-9-de-agosto.jpg","type":"image\/jpeg"}],"author":"huicholesfilm","twitter_card":"summary_large_image","twitter_creator":"@peyoteguardians","twitter_site":"@peyoteguardians","twitter_misc":{"Escrito por":"huicholesfilm","Tiempo de lectura":"2 minutos"},"schema":{"@context":"https:\/\/schema.org","@graph":[{"@type":"Article","@id":"https:\/\/huicholesfilm.com\/es\/huicholes-los-ultimos-guardianes-del-peyote-se-suma-al-dia-internacional-de-los-pueblos-indigenas\/#article","isPartOf":{"@id":"https:\/\/huicholesfilm.com\/es\/huicholes-los-ultimos-guardianes-del-peyote-se-suma-al-dia-internacional-de-los-pueblos-indigenas\/"},"author":{"name":"huicholesfilm","@id":"https:\/\/huicholesfilm.com\/es\/#\/schema\/person\/2e7f04056e4dc5a22a2ba366c2eb7313"},"headline":"Huicholes: Los \u00daltimos Guardianes del Peyote se suma al D\u00eda Internacional de los Pueblos Ind\u00edgenas","datePublished":"2015-08-07T16:43:23+00:00","dateModified":"2025-03-05T08:39:04+00:00","mainEntityOfPage":{"@id":"https:\/\/huicholesfilm.com\/es\/huicholes-los-ultimos-guardianes-del-peyote-se-suma-al-dia-internacional-de-los-pueblos-indigenas\/"},"wordCount":417,"image":{"@id":"https:\/\/huicholesfilm.com\/es\/huicholes-los-ultimos-guardianes-del-peyote-se-suma-al-dia-internacional-de-los-pueblos-indigenas\/#primaryimage"},"thumbnailUrl":"https:\/\/huicholesfilm.com\/es\/wp-content\/uploads\/2015\/08\/flyer-dia-internacional-9-de-agosto.jpg","articleSection":["NOTICIAS"],"inLanguage":"es"},{"@type":"WebPage","@id":"https:\/\/huicholesfilm.com\/es\/huicholes-los-ultimos-guardianes-del-peyote-se-suma-al-dia-internacional-de-los-pueblos-indigenas\/","url":"https:\/\/huicholesfilm.com\/es\/huicholes-los-ultimos-guardianes-del-peyote-se-suma-al-dia-internacional-de-los-pueblos-indigenas\/","name":"Huicholes: Los \u00daltimos Guardianes del Peyote se suma al D\u00eda Internacional de los Pueblos Ind\u00edgenas - Huicholes: Los \u00daltimos Guardianes del Peyote","isPartOf":{"@id":"https:\/\/huicholesfilm.com\/es\/#website"},"primaryImageOfPage":{"@id":"https:\/\/huicholesfilm.com\/es\/huicholes-los-ultimos-guardianes-del-peyote-se-suma-al-dia-internacional-de-los-pueblos-indigenas\/#primaryimage"},"image":{"@id":"https:\/\/huicholesfilm.com\/es\/huicholes-los-ultimos-guardianes-del-peyote-se-suma-al-dia-internacional-de-los-pueblos-indigenas\/#primaryimage"},"thumbnailUrl":"https:\/\/huicholesfilm.com\/es\/wp-content\/uploads\/2015\/08\/flyer-dia-internacional-9-de-agosto.jpg","datePublished":"2015-08-07T16:43:23+00:00","dateModified":"2025-03-05T08:39:04+00:00","author":{"@id":"https:\/\/huicholesfilm.com\/es\/#\/schema\/person\/2e7f04056e4dc5a22a2ba366c2eb7313"},"breadcrumb":{"@id":"https:\/\/huicholesfilm.com\/es\/huicholes-los-ultimos-guardianes-del-peyote-se-suma-al-dia-internacional-de-los-pueblos-indigenas\/#breadcrumb"},"inLanguage":"es","potentialAction":[{"@type":"ReadAction","target":["https:\/\/huicholesfilm.com\/es\/huicholes-los-ultimos-guardianes-del-peyote-se-suma-al-dia-internacional-de-los-pueblos-indigenas\/"]}]},{"@type":"ImageObject","inLanguage":"es","@id":"https:\/\/huicholesfilm.com\/es\/huicholes-los-ultimos-guardianes-del-peyote-se-suma-al-dia-internacional-de-los-pueblos-indigenas\/#primaryimage","url":"https:\/\/huicholesfilm.com\/es\/wp-content\/uploads\/2015\/08\/flyer-dia-internacional-9-de-agosto.jpg","contentUrl":"https:\/\/huicholesfilm.com\/es\/wp-content\/uploads\/2015\/08\/flyer-dia-internacional-9-de-agosto.jpg","width":720,"height":720},{"@type":"BreadcrumbList","@id":"https:\/\/huicholesfilm.com\/es\/huicholes-los-ultimos-guardianes-del-peyote-se-suma-al-dia-internacional-de-los-pueblos-indigenas\/#breadcrumb","itemListElement":[{"@type":"ListItem","position":1,"name":"Portada","item":"https:\/\/huicholesfilm.com\/es\/"},{"@type":"ListItem","position":2,"name":"Huicholes: Los \u00daltimos Guardianes del Peyote se suma al D\u00eda Internacional de los Pueblos Ind\u00edgenas"}]},{"@type":"WebSite","@id":"https:\/\/huicholesfilm.com\/es\/#website","url":"https:\/\/huicholesfilm.com\/es\/","name":"Huicholes: Los \u00daltimos Guardianes del Peyote","description":"La emblem\u00e1tica lucha del pueblo wix\u00e1rika ante el gobierno mexicano y trasnacionales mineras para salvar Wirikuta, la tierra sagrada del peyote.","potentialAction":[{"@type":"SearchAction","target":{"@type":"EntryPoint","urlTemplate":"https:\/\/huicholesfilm.com\/es\/?s={search_term_string}"},"query-input":{"@type":"PropertyValueSpecification","valueRequired":true,"valueName":"search_term_string"}}],"inLanguage":"es"},{"@type":"Person","@id":"https:\/\/huicholesfilm.com\/es\/#\/schema\/person\/2e7f04056e4dc5a22a2ba366c2eb7313","name":"huicholesfilm","sameAs":["https:\/\/huicholesfilm.com\/es\/"],"url":"https:\/\/huicholesfilm.com\/es\/author\/paola-stefani\/"}]}},"_links":{"self":[{"href":"https:\/\/huicholesfilm.com\/es\/wp-json\/wp\/v2\/posts\/9488","targetHints":{"allow":["GET"]}}],"collection":[{"href":"https:\/\/huicholesfilm.com\/es\/wp-json\/wp\/v2\/posts"}],"about":[{"href":"https:\/\/huicholesfilm.com\/es\/wp-json\/wp\/v2\/types\/post"}],"author":[{"embeddable":true,"href":"https:\/\/huicholesfilm.com\/es\/wp-json\/wp\/v2\/users\/2"}],"replies":[{"embeddable":true,"href":"https:\/\/huicholesfilm.com\/es\/wp-json\/wp\/v2\/comments?post=9488"}],"version-history":[{"count":7,"href":"https:\/\/huicholesfilm.com\/es\/wp-json\/wp\/v2\/posts\/9488\/revisions"}],"predecessor-version":[{"id":9499,"href":"https:\/\/huicholesfilm.com\/es\/wp-json\/wp\/v2\/posts\/9488\/revisions\/9499"}],"wp:featuredmedia":[{"embeddable":true,"href":"https:\/\/huicholesfilm.com\/es\/wp-json\/wp\/v2\/media\/9498"}],"wp:attachment":[{"href":"https:\/\/huicholesfilm.com\/es\/wp-json\/wp\/v2\/media?parent=9488"}],"wp:term":[{"taxonomy":"category","embeddable":true,"href":"https:\/\/huicholesfilm.com\/es\/wp-json\/wp\/v2\/categories?post=9488"},{"taxonomy":"post_tag","embeddable":true,"href":"https:\/\/huicholesfilm.com\/es\/wp-json\/wp\/v2\/tags?post=9488"}],"curies":[{"name":"wp","href":"https:\/\/api.w.org\/{rel}","templated":true}]}}